{"id":1906,"date":"2016-04-07T15:43:24","date_gmt":"2016-04-07T12:43:24","guid":{"rendered":"http:\/\/backlight.fi\/?p=1906"},"modified":"2016-10-15T18:25:54","modified_gmt":"2016-10-15T15:25:54","slug":"the-call-is-open-for-backlight-17-touring-exhibitions-and-a-special-prize","status":"publish","type":"post","link":"http:\/\/backlight.fi\/fi\/the-call-is-open-for-backlight-17-touring-exhibitions-and-a-special-prize\/","title":{"rendered":"The call is OPEN for Backlight \u00b417, touring exhibitions and a special prize"},"content":{"rendered":"<h4><strong>Backlight Photo Festival has opened the\u00a0call<\/strong> for artists worldwide to submit their proposals for the next event taking place in 2017.<\/h4>\n<p><img loading=\"lazy\" decoding=\"async\" class=\"aligncenter size-full wp-image-1919\" src=\"http:\/\/backlight.fi\/wp-content\/uploads\/2016\/04\/backlight-nauha1.jpg\" alt=\"backlight-nauha1\" width=\"2362\" height=\"590\" srcset=\"https:\/\/backlight.fi\/wp-content\/uploads\/2016\/04\/backlight-nauha1.jpg 2362w, https:\/\/backlight.fi\/wp-content\/uploads\/2016\/04\/backlight-nauha1-300x75.jpg 300w, https:\/\/backlight.fi\/wp-content\/uploads\/2016\/04\/backlight-nauha1-768x192.jpg 768w, https:\/\/backlight.fi\/wp-content\/uploads\/2016\/04\/backlight-nauha1-1024x256.jpg 1024w\" sizes=\"auto, (max-width: 2362px) 100vw, 2362px\" \/><\/p>\n<p>Backlight continues focusing on current social themes and phenomenons and for the upcoming event we have chosen the theme <em><strong><a href=\"http:\/\/backlight.fi\/fi\/backlight17-open-call-jury-and-the-theme-announced\/\">Independence<\/a><\/strong>.\u00a0<\/em>\u00a0We\u00b4re looking for courageous approaches from both individual, collective and common experiences and challenges around the subject and its definitions. The works selected will be presented at the Backlight Photo Festival starting in September 2017, when the event celebrates its 30 years of existence!<\/p>\n<p>Further instructions for\u00a0the application process and the online form can be found <a href=\"http:\/\/www.opencall.fi\/\">here<\/a>.<\/p>\n<p>&nbsp;<\/p>\n<p><img loading=\"lazy\" decoding=\"async\" class=\"size-full wp-image-1910 alignleft\" src=\"http:\/\/backlight.fi\/wp-content\/uploads\/2016\/04\/PIENIsuomifinland100-tunnus_valkoinen_rgb.jpg\" alt=\"SuomiFinland100-tunnus_valkoinen_RGB\" width=\"113\" height=\"94\" \/><\/p>\n<p>In addition to the Backlight Photo Festival 2017 exhibitions in Finland, <strong>Backlight\u00a0will also organize\u00a0a touring exhibition\/exhibition series in Europe during the year 2017<\/strong>. This tour &#8211;<em>Independence Through the Lenses<\/em> (working title) is part of\u00a0<a href=\"http:\/\/suomifinland100.fi\/\" target=\"_blank\">the programme for the\u00a0centenary of Finland\u00b4s independence in 2017<\/a>. These exhibitions will consist of works by Finnish artists and\u00a0artists based in Finland. The locations and dates for these exhibitions will be announced\u00a0later as we have confirmed the details with the hosting institutions and partners.<\/p>\n<p>&nbsp;<\/p>\n<p>The online form for the application can be found <a href=\"http:\/\/www.opencall.fi\/\">here<\/a>.<\/p>\n<p>&nbsp;<\/p>\n<p>&nbsp;<\/p>\n<p><img loading=\"lazy\" decoding=\"async\" class=\"size-full wp-image-1911 alignleft\" src=\"http:\/\/backlight.fi\/wp-content\/uploads\/2016\/04\/MAJAOJA3-1.jpg\" alt=\"MAJAOJA3 (1)\" width=\"227\" height=\"80\" \/>We are also very pleased to inform Finnish artists about the special Majaoja Prize. The\u00a0<a href=\"http:\/\/majaoja-saatio.fi\/home\/\" target=\"_blank\">Majaoja-s\u00e4\u00e4ti\u00f6<\/a>\u00a0<strong>gives out the special Majaoja Prize during the Backlight Photo Festival 2017, under the events theme <em>Independence<\/em>. <\/strong>Three Finnish photographers from amongst the applicants of the open call for Backlight \u00b417 will be awarded with the total sum of 18.000 euros (10.000\u20ac\/5.000\u20ac\/3.000\u20ac\/each). The open call jury for the Backlight Photo Festival 2017 will select the photographers for the awards by the end of 2016.<\/p>\n<p>The announcement of the winners will be made by the Majaoja Foundation during the Backlight Photo Festival 2017.<\/p>","protected":false},"excerpt":{"rendered":"<p>Backlight Photo Festival has opened the\u00a0call for artists worldwide to submit their proposals for the next event taking place in 2017. Backlight continues focusing on &hellip;<\/p>","protected":false},"author":8,"featured_media":1907,"comment_status":"closed","ping_status":"closed","sticky":false,"template":"","format":"standard","meta":{"_monsterinsights_skip_tracking":false,"_monsterinsights_sitenote_active":false,"_monsterinsights_sitenote_note":"","_monsterinsights_sitenote_category":0,"footnotes":""},"categories":[3],"tags":[],"class_list":["post-1906","post","type-post","status-publish","format-standard","has-post-thumbnail","hentry","category-news"],"_links":{"self":[{"href":"http:\/\/backlight.fi\/fi\/wp-json\/wp\/v2\/posts\/1906","targetHints":{"allow":["GET"]}}],"collection":[{"href":"http:\/\/backlight.fi\/fi\/wp-json\/wp\/v2\/posts"}],"about":[{"href":"http:\/\/backlight.fi\/fi\/wp-json\/wp\/v2\/types\/post"}],"author":[{"embeddable":true,"href":"http:\/\/backlight.fi\/fi\/wp-json\/wp\/v2\/users\/8"}],"replies":[{"embeddable":true,"href":"http:\/\/backlight.fi\/fi\/wp-json\/wp\/v2\/comments?post=1906"}],"version-history":[{"count":25,"href":"http:\/\/backlight.fi\/fi\/wp-json\/wp\/v2\/posts\/1906\/revisions"}],"predecessor-version":[{"id":1937,"href":"http:\/\/backlight.fi\/fi\/wp-json\/wp\/v2\/posts\/1906\/revisions\/1937"}],"wp:featuredmedia":[{"embeddable":true,"href":"http:\/\/backlight.fi\/fi\/wp-json\/wp\/v2\/media\/1907"}],"wp:attachment":[{"href":"http:\/\/backlight.fi\/fi\/wp-json\/wp\/v2\/media?parent=1906"}],"wp:term":[{"taxonomy":"category","embeddable":true,"href":"http:\/\/backlight.fi\/fi\/wp-json\/wp\/v2\/categories?post=1906"},{"taxonomy":"post_tag","embeddable":true,"href":"http:\/\/backlight.fi\/fi\/wp-json\/wp\/v2\/tags?post=1906"}],"curies":[{"name":"wp","href":"https:\/\/api.w.org\/{rel}","templated":true}]}}