{"id":2050,"date":"2017-01-25T20:06:13","date_gmt":"2017-01-25T18:06:13","guid":{"rendered":"http:\/\/backlight.fi\/?p=2050"},"modified":"2018-05-02T14:50:53","modified_gmt":"2018-05-02T11:50:53","slug":"the-first-exhibition-of-independence-through-the-lenses-tour-opened-at-the-robert-capa-contemporary-photography-center-in-budapest","status":"publish","type":"post","link":"http:\/\/backlight.fi\/fi\/the-first-exhibition-of-independence-through-the-lenses-tour-opened-at-the-robert-capa-contemporary-photography-center-in-budapest\/","title":{"rendered":"The first exhibition of &#8220;Independence Through the Lenses&#8221; -tour opened at the Robert Capa Contemporary Photography Center in Budapest"},"content":{"rendered":"<figure id=\"attachment_2051\" aria-describedby=\"caption-attachment-2051\" style=\"width: 1000px\" class=\"wp-caption aligncenter\"><img loading=\"lazy\" decoding=\"async\" class=\"size-full wp-image-2051\" src=\"http:\/\/backlight.fi\/wp-content\/uploads\/2017\/01\/finn_MG_6045w.jpg\" alt=\"\" width=\"1000\" height=\"667\" srcset=\"https:\/\/backlight.fi\/wp-content\/uploads\/2017\/01\/finn_MG_6045w.jpg 1000w, https:\/\/backlight.fi\/wp-content\/uploads\/2017\/01\/finn_MG_6045w-300x200.jpg 300w, https:\/\/backlight.fi\/wp-content\/uploads\/2017\/01\/finn_MG_6045w-768x512.jpg 768w\" sizes=\"auto, (max-width: 1000px) 100vw, 1000px\" \/><figcaption id=\"caption-attachment-2051\" class=\"wp-caption-text\">Harri P\u00e4lviranta, News Portraits | <span style=\"color: #999999;\">Photo: FinnAgora \/ Capa K\u00f6zpont<\/span><\/figcaption><\/figure>\n<p>&nbsp;<\/p>\n<p>The first exhibition of our jubilee tour 2017, &#8220;Independence Through the Lenses&#8221; is open at the <a href=\"http:\/\/capacenter.hu\/kiallitasok\/fuggetlen-objektiv-kortars-finn-fotografia\/#fuggetlen-objektiv-megnyito\">Robert Capa Contemporary Photography Center<\/a> in Budapest from January 24th to March 5th.<\/p>\n<p>&nbsp;<\/p>\n<figure id=\"attachment_2053\" aria-describedby=\"caption-attachment-2053\" style=\"width: 1134px\" class=\"wp-caption aligncenter\"><img loading=\"lazy\" decoding=\"async\" class=\"wp-image-2053 size-full\" src=\"http:\/\/backlight.fi\/wp-content\/uploads\/2017\/01\/3x_cc-1.jpg\" width=\"1134\" height=\"281\" srcset=\"https:\/\/backlight.fi\/wp-content\/uploads\/2017\/01\/3x_cc-1.jpg 1134w, https:\/\/backlight.fi\/wp-content\/uploads\/2017\/01\/3x_cc-1-300x74.jpg 300w, https:\/\/backlight.fi\/wp-content\/uploads\/2017\/01\/3x_cc-1-768x190.jpg 768w, https:\/\/backlight.fi\/wp-content\/uploads\/2017\/01\/3x_cc-1-1024x254.jpg 1024w\" sizes=\"auto, (max-width: 1134px) 100vw, 1134px\" \/><figcaption id=\"caption-attachment-2053\" class=\"wp-caption-text\"><span style=\"color: #999999;\">Photo: Backlight Photo Festival \/ Capa K\u00f6zpont<\/span><\/figcaption><\/figure>\n<p>&nbsp;<\/p>\n<p>We are \u00a0honoured to present the works by the Finnish artists Juha Arvid Helminen, Sara Hornig, Jaakko Kahilaniemi, Riitta P\u00e4iv\u00e4l\u00e4inen, Harri P\u00e4lviranta, Juha Suonp\u00e4\u00e4 and Juuso Westerlund\u00a0on the tour and in the beautiful space of the Capa Center. We wish to thank <a href=\"http:\/\/capacenter.hu\/\">Capa Center<\/a> for the successful collaboration and <a href=\"http:\/\/www.finnagora.hu\/\">FinnAgora<\/a> for their support for the exhibition. From Budapest the exhibition will continue to Wolkersdorf, Austria where we shall celebrate the second exhibition opening at <a href=\"http:\/\/www.fotofluss.at\/\">FLUSS<\/a>\u00a0in the end of April. The tour is part of the Programme on the centenary of Finland \u00b4s independence in 2017 and during the year it will be seen at\u00a0eight cities in Europe.<\/p>\n<figure id=\"attachment_2054\" aria-describedby=\"caption-attachment-2054\" style=\"width: 800px\" class=\"wp-caption aligncenter\"><img loading=\"lazy\" decoding=\"async\" class=\"wp-image-2054 size-full\" src=\"http:\/\/backlight.fi\/wp-content\/uploads\/2017\/01\/aula_BUD.jpg\" width=\"800\" height=\"600\" srcset=\"https:\/\/backlight.fi\/wp-content\/uploads\/2017\/01\/aula_BUD.jpg 800w, https:\/\/backlight.fi\/wp-content\/uploads\/2017\/01\/aula_BUD-300x225.jpg 300w, https:\/\/backlight.fi\/wp-content\/uploads\/2017\/01\/aula_BUD-768x576.jpg 768w\" sizes=\"auto, (max-width: 800px) 100vw, 800px\" \/><figcaption id=\"caption-attachment-2054\" class=\"wp-caption-text\"><span style=\"color: #999999;\">Photo: Backlight Photo Festival \/ Capa K\u00f6zpont<\/span><\/figcaption><\/figure>\n<p>&nbsp;<\/p>\n<p>&nbsp;<\/p>\n<p>Exhibition review JAN 25th\u00a0for Hungarian readers at <a href=\"http:\/\/mno.hu\/f22\/a-finnek-leszamoltak-karacsonyapoval-1382636\/\">MNO<\/a><\/p>\n<p>Kari Lumikero \u00b4s footage from the opening JAN 23rd at <a href=\"https:\/\/vimeo.com\/201705975\">vimeo<\/a><\/p>\n<p>&nbsp;<\/p>\n<p>&nbsp;<\/p>\n<p>&nbsp;<\/p>\n<p>&nbsp;<\/p>\n<p>&nbsp;<\/p>\n<p>&nbsp;<\/p>\n<p>&nbsp;<\/p>","protected":false},"excerpt":{"rendered":"<p>&nbsp; The first exhibition of our jubilee tour 2017, &#8220;Independence Through the Lenses&#8221; is open at the Robert Capa Contemporary Photography Center in Budapest from &hellip;<\/p>","protected":false},"author":8,"featured_media":2051,"comment_status":"closed","ping_status":"closed","sticky":false,"template":"","format":"standard","meta":{"_monsterinsights_skip_tracking":false,"_monsterinsights_sitenote_active":false,"_monsterinsights_sitenote_note":"","_monsterinsights_sitenote_category":0,"footnotes":""},"categories":[3],"tags":[],"class_list":["post-2050","post","type-post","status-publish","format-standard","has-post-thumbnail","hentry","category-news"],"_links":{"self":[{"href":"http:\/\/backlight.fi\/fi\/wp-json\/wp\/v2\/posts\/2050","targetHints":{"allow":["GET"]}}],"collection":[{"href":"http:\/\/backlight.fi\/fi\/wp-json\/wp\/v2\/posts"}],"about":[{"href":"http:\/\/backlight.fi\/fi\/wp-json\/wp\/v2\/types\/post"}],"author":[{"embeddable":true,"href":"http:\/\/backlight.fi\/fi\/wp-json\/wp\/v2\/users\/8"}],"replies":[{"embeddable":true,"href":"http:\/\/backlight.fi\/fi\/wp-json\/wp\/v2\/comments?post=2050"}],"version-history":[{"count":5,"href":"http:\/\/backlight.fi\/fi\/wp-json\/wp\/v2\/posts\/2050\/revisions"}],"predecessor-version":[{"id":2982,"href":"http:\/\/backlight.fi\/fi\/wp-json\/wp\/v2\/posts\/2050\/revisions\/2982"}],"wp:featuredmedia":[{"embeddable":true,"href":"http:\/\/backlight.fi\/fi\/wp-json\/wp\/v2\/media\/2051"}],"wp:attachment":[{"href":"http:\/\/backlight.fi\/fi\/wp-json\/wp\/v2\/media?parent=2050"}],"wp:term":[{"taxonomy":"category","embeddable":true,"href":"http:\/\/backlight.fi\/fi\/wp-json\/wp\/v2\/categories?post=2050"},{"taxonomy":"post_tag","embeddable":true,"href":"http:\/\/backlight.fi\/fi\/wp-json\/wp\/v2\/tags?post=2050"}],"curies":[{"name":"wp","href":"https:\/\/api.w.org\/{rel}","templated":true}]}}