{"id":2693,"date":"2017-09-08T18:39:55","date_gmt":"2017-09-08T15:39:55","guid":{"rendered":"http:\/\/backlight.fi\/?p=2693"},"modified":"2018-04-20T18:43:00","modified_gmt":"2018-04-20T15:43:00","slug":"backlight-17-openings-on-september-8-2017","status":"publish","type":"post","link":"http:\/\/backlight.fi\/fi\/backlight-17-openings-on-september-8-2017\/","title":{"rendered":"Backlight \u00b417 -Openings on September 8. 2017"},"content":{"rendered":"<p>Thank you for joining us at the opening at Galleria Ronga, Nykyaika, Koppelo and Tampere Art Museum. We could have squeezed in just few more people to the last opening at the museum!<\/p>\n<p>Sincere thanks to all our artists -you are the ones making these events what they are about, huge thanks also to museum masters, gallery personal and volunteers for helping us with all the preparations.<\/p>\n<p>&nbsp;<\/p>\n<p>Clip from the opening at Tampere Art Museum by Pauli Hokkanen <a href=\"https:\/\/vimeo.com\/264108617\">here<\/a>.<\/p>\n<p>&nbsp;<\/p>\n<p><span style=\"color: #808080;\">Galleria Ronga<\/span><\/p>\n<p>Corinna Kern, Female Maskers<\/p>\n<p>(Backlight \u00b414 Portfolio Award Exhibition)<\/p>\n<p>&nbsp;<\/p>\n<figure id=\"attachment_2699\" aria-describedby=\"caption-attachment-2699\" style=\"width: 1000px\" class=\"wp-caption aligncenter\"><img loading=\"lazy\" decoding=\"async\" class=\"wp-image-2699\" src=\"http:\/\/backlight.fi\/wp-content\/uploads\/2018\/04\/DSC_0200.jpg\" alt=\"\" width=\"1000\" height=\"667\" srcset=\"https:\/\/backlight.fi\/wp-content\/uploads\/2018\/04\/DSC_0200.jpg 4496w, https:\/\/backlight.fi\/wp-content\/uploads\/2018\/04\/DSC_0200-300x200.jpg 300w, https:\/\/backlight.fi\/wp-content\/uploads\/2018\/04\/DSC_0200-768x512.jpg 768w, https:\/\/backlight.fi\/wp-content\/uploads\/2018\/04\/DSC_0200-1024x683.jpg 1024w\" sizes=\"auto, (max-width: 1000px) 100vw, 1000px\" \/><figcaption id=\"caption-attachment-2699\" class=\"wp-caption-text\">Enrico Stefanelli, B\u00e9n\u00e9dicte Vanderreydt and Andrej Polikanov <span style=\"color: #999999;\">Photo: Aimo Hyv\u00e4rinen <\/span><\/figcaption><\/figure>\n<p>&nbsp;<\/p>\n<figure id=\"attachment_2696\" aria-describedby=\"caption-attachment-2696\" style=\"width: 1000px\" class=\"wp-caption aligncenter\"><img loading=\"lazy\" decoding=\"async\" class=\"wp-image-2696\" src=\"http:\/\/backlight.fi\/wp-content\/uploads\/2018\/04\/JOFK3363-2048.jpg\" alt=\"\" width=\"1000\" height=\"667\" srcset=\"https:\/\/backlight.fi\/wp-content\/uploads\/2018\/04\/JOFK3363-2048.jpg 2048w, https:\/\/backlight.fi\/wp-content\/uploads\/2018\/04\/JOFK3363-2048-300x200.jpg 300w, https:\/\/backlight.fi\/wp-content\/uploads\/2018\/04\/JOFK3363-2048-768x512.jpg 768w, https:\/\/backlight.fi\/wp-content\/uploads\/2018\/04\/JOFK3363-2048-1024x683.jpg 1024w\" sizes=\"auto, (max-width: 1000px) 100vw, 1000px\" \/><figcaption id=\"caption-attachment-2696\" class=\"wp-caption-text\">Tuula Alajoki opening the first exhibition of Backlight \u00b417. <span style=\"color: #808080;\">Photo: Janne Kaakinen<\/span><\/figcaption><\/figure>\n<p>&nbsp;<\/p>\n<figure id=\"attachment_2707\" aria-describedby=\"caption-attachment-2707\" style=\"width: 1000px\" class=\"wp-caption aligncenter\"><img loading=\"lazy\" decoding=\"async\" class=\"wp-image-2707\" src=\"http:\/\/backlight.fi\/wp-content\/uploads\/2018\/04\/DSC_0203.jpg\" alt=\"\" width=\"1000\" height=\"667\" srcset=\"https:\/\/backlight.fi\/wp-content\/uploads\/2018\/04\/DSC_0203.jpg 4496w, https:\/\/backlight.fi\/wp-content\/uploads\/2018\/04\/DSC_0203-300x200.jpg 300w, https:\/\/backlight.fi\/wp-content\/uploads\/2018\/04\/DSC_0203-768x512.jpg 768w, https:\/\/backlight.fi\/wp-content\/uploads\/2018\/04\/DSC_0203-1024x683.jpg 1024w\" sizes=\"auto, (max-width: 1000px) 100vw, 1000px\" \/><figcaption id=\"caption-attachment-2707\" class=\"wp-caption-text\"><span style=\"color: #999999;\">Photo: Aimo Hyv\u00e4rinen<\/span><\/figcaption><\/figure>\n<p>&nbsp;<\/p>\n<p><span style=\"color: #808080;\">Galleria Nykyaika<\/span><\/p>\n<p>Riina Rinne, Alone Together<\/p>\n<p>Delphine Schacher, Bois des fr\u00e8res<\/p>\n<p>&nbsp;<\/p>\n<figure id=\"attachment_2695\" aria-describedby=\"caption-attachment-2695\" style=\"width: 1000px\" class=\"wp-caption aligncenter\"><img loading=\"lazy\" decoding=\"async\" class=\"wp-image-2695\" src=\"http:\/\/backlight.fi\/wp-content\/uploads\/2018\/04\/JOFK3365-2048.jpg\" alt=\"\" width=\"1000\" height=\"667\" srcset=\"https:\/\/backlight.fi\/wp-content\/uploads\/2018\/04\/JOFK3365-2048.jpg 2048w, https:\/\/backlight.fi\/wp-content\/uploads\/2018\/04\/JOFK3365-2048-300x200.jpg 300w, https:\/\/backlight.fi\/wp-content\/uploads\/2018\/04\/JOFK3365-2048-768x512.jpg 768w, https:\/\/backlight.fi\/wp-content\/uploads\/2018\/04\/JOFK3365-2048-1024x683.jpg 1024w\" sizes=\"auto, (max-width: 1000px) 100vw, 1000px\" \/><figcaption id=\"caption-attachment-2695\" class=\"wp-caption-text\"><span style=\"color: #808080;\">Photo: Janne Kaakinen<\/span><\/figcaption><\/figure>\n<p>&nbsp;<\/p>\n<figure id=\"attachment_2705\" aria-describedby=\"caption-attachment-2705\" style=\"width: 1000px\" class=\"wp-caption aligncenter\"><img loading=\"lazy\" decoding=\"async\" class=\"wp-image-2705\" src=\"http:\/\/backlight.fi\/wp-content\/uploads\/2018\/04\/JOFK3366-2048.jpg\" alt=\"\" width=\"1000\" height=\"667\" srcset=\"https:\/\/backlight.fi\/wp-content\/uploads\/2018\/04\/JOFK3366-2048.jpg 2048w, https:\/\/backlight.fi\/wp-content\/uploads\/2018\/04\/JOFK3366-2048-300x200.jpg 300w, https:\/\/backlight.fi\/wp-content\/uploads\/2018\/04\/JOFK3366-2048-768x512.jpg 768w, https:\/\/backlight.fi\/wp-content\/uploads\/2018\/04\/JOFK3366-2048-1024x683.jpg 1024w\" sizes=\"auto, (max-width: 1000px) 100vw, 1000px\" \/><figcaption id=\"caption-attachment-2705\" class=\"wp-caption-text\">Terhi Asumaniemi opening the exhibition with Riina Rinne. Bois des fr\u00e8res by Delphine Schacher on the back. <span style=\"color: #999999;\">Photo: Janne Kaakinen<\/span><\/figcaption><\/figure>\n<p>&nbsp;<\/p>\n<figure id=\"attachment_2701\" aria-describedby=\"caption-attachment-2701\" style=\"width: 1000px\" class=\"wp-caption aligncenter\"><img loading=\"lazy\" decoding=\"async\" class=\"wp-image-2701\" src=\"http:\/\/backlight.fi\/wp-content\/uploads\/2018\/04\/DSC_0248.jpg\" alt=\"\" width=\"1000\" height=\"667\" srcset=\"https:\/\/backlight.fi\/wp-content\/uploads\/2018\/04\/DSC_0248.jpg 4496w, https:\/\/backlight.fi\/wp-content\/uploads\/2018\/04\/DSC_0248-300x200.jpg 300w, https:\/\/backlight.fi\/wp-content\/uploads\/2018\/04\/DSC_0248-768x512.jpg 768w, https:\/\/backlight.fi\/wp-content\/uploads\/2018\/04\/DSC_0248-1024x683.jpg 1024w\" sizes=\"auto, (max-width: 1000px) 100vw, 1000px\" \/><figcaption id=\"caption-attachment-2701\" class=\"wp-caption-text\"><span style=\"color: #808080;\">Photo: Aimo Hyv\u00e4rinen<\/span><\/figcaption><\/figure>\n<p>&nbsp;<\/p>\n<p><span style=\"color: #808080;\">Galleria Koppelo<\/span><\/p>\n<p>Zuzana Hal\u00e1nov\u00e1-Laurinc, Childless<\/p>\n<figure id=\"attachment_2718\" aria-describedby=\"caption-attachment-2718\" style=\"width: 1000px\" class=\"wp-caption aligncenter\"><img loading=\"lazy\" decoding=\"async\" class=\"wp-image-2718\" src=\"http:\/\/backlight.fi\/wp-content\/uploads\/2017\/09\/koppelo04.jpg\" alt=\"\" width=\"1000\" height=\"642\" srcset=\"https:\/\/backlight.fi\/wp-content\/uploads\/2017\/09\/koppelo04.jpg 2598w, https:\/\/backlight.fi\/wp-content\/uploads\/2017\/09\/koppelo04-300x192.jpg 300w, https:\/\/backlight.fi\/wp-content\/uploads\/2017\/09\/koppelo04-768x493.jpg 768w, https:\/\/backlight.fi\/wp-content\/uploads\/2017\/09\/koppelo04-1024x657.jpg 1024w\" sizes=\"auto, (max-width: 1000px) 100vw, 1000px\" \/><figcaption id=\"caption-attachment-2718\" class=\"wp-caption-text\"><span style=\"color: #808080;\">Photo: Kaija Toivonen<\/span><\/figcaption><\/figure>\n<p>&nbsp;<\/p>\n<figure id=\"attachment_2697\" aria-describedby=\"caption-attachment-2697\" style=\"width: 1000px\" class=\"wp-caption aligncenter\"><img loading=\"lazy\" decoding=\"async\" class=\"wp-image-2697\" src=\"http:\/\/backlight.fi\/wp-content\/uploads\/2018\/04\/JOFK3373-2048.jpg\" alt=\"\" width=\"1000\" height=\"667\" srcset=\"https:\/\/backlight.fi\/wp-content\/uploads\/2018\/04\/JOFK3373-2048.jpg 2048w, https:\/\/backlight.fi\/wp-content\/uploads\/2018\/04\/JOFK3373-2048-300x200.jpg 300w, https:\/\/backlight.fi\/wp-content\/uploads\/2018\/04\/JOFK3373-2048-768x512.jpg 768w, https:\/\/backlight.fi\/wp-content\/uploads\/2018\/04\/JOFK3373-2048-1024x683.jpg 1024w\" sizes=\"auto, (max-width: 1000px) 100vw, 1000px\" \/><figcaption id=\"caption-attachment-2697\" class=\"wp-caption-text\">Tuula Alajoki forwarding the word to Zuzana Hal\u00e1nov\u00e1- Laurinc <span style=\"color: #808080;\">Photo: Janne Kaakinen<\/span><\/figcaption><\/figure>\n<p>&nbsp;<\/p>\n<figure id=\"attachment_2717\" aria-describedby=\"caption-attachment-2717\" style=\"width: 500px\" class=\"wp-caption aligncenter\"><img loading=\"lazy\" decoding=\"async\" class=\"wp-image-2717\" src=\"http:\/\/backlight.fi\/wp-content\/uploads\/2017\/09\/koppelo03.jpg\" alt=\"\" width=\"500\" height=\"721\" srcset=\"https:\/\/backlight.fi\/wp-content\/uploads\/2017\/09\/koppelo03.jpg 1801w, https:\/\/backlight.fi\/wp-content\/uploads\/2017\/09\/koppelo03-208x300.jpg 208w, https:\/\/backlight.fi\/wp-content\/uploads\/2017\/09\/koppelo03-768x1108.jpg 768w, https:\/\/backlight.fi\/wp-content\/uploads\/2017\/09\/koppelo03-710x1024.jpg 710w\" sizes=\"auto, (max-width: 500px) 100vw, 500px\" \/><figcaption id=\"caption-attachment-2717\" class=\"wp-caption-text\">Katri Tala, Janne Kaakinen, Ingunn Strand <span style=\"color: #808080;\">Photo: Kaija Toivonen<\/span><\/figcaption><\/figure>\n<p>&nbsp;<\/p>\n<figure id=\"attachment_2698\" aria-describedby=\"caption-attachment-2698\" style=\"width: 1000px\" class=\"wp-caption aligncenter\"><img loading=\"lazy\" decoding=\"async\" class=\"wp-image-2698\" src=\"http:\/\/backlight.fi\/wp-content\/uploads\/2018\/04\/JOFK3377-2048.jpg\" alt=\"\" width=\"1000\" height=\"667\" srcset=\"https:\/\/backlight.fi\/wp-content\/uploads\/2018\/04\/JOFK3377-2048.jpg 2048w, https:\/\/backlight.fi\/wp-content\/uploads\/2018\/04\/JOFK3377-2048-300x200.jpg 300w, https:\/\/backlight.fi\/wp-content\/uploads\/2018\/04\/JOFK3377-2048-768x512.jpg 768w, https:\/\/backlight.fi\/wp-content\/uploads\/2018\/04\/JOFK3377-2048-1024x683.jpg 1024w\" sizes=\"auto, (max-width: 1000px) 100vw, 1000px\" \/><figcaption id=\"caption-attachment-2698\" class=\"wp-caption-text\"><span style=\"color: #808080;\">Photo: Janne Kaakinen<\/span><\/figcaption><\/figure>\n<p>&nbsp;<\/p>\n<figure id=\"attachment_2700\" aria-describedby=\"caption-attachment-2700\" style=\"width: 1000px\" class=\"wp-caption aligncenter\"><img loading=\"lazy\" decoding=\"async\" class=\"wp-image-2700\" src=\"http:\/\/backlight.fi\/wp-content\/uploads\/2018\/04\/DSC_0245.jpg\" alt=\"\" width=\"1000\" height=\"667\" srcset=\"https:\/\/backlight.fi\/wp-content\/uploads\/2018\/04\/DSC_0245.jpg 4496w, https:\/\/backlight.fi\/wp-content\/uploads\/2018\/04\/DSC_0245-300x200.jpg 300w, https:\/\/backlight.fi\/wp-content\/uploads\/2018\/04\/DSC_0245-768x512.jpg 768w, https:\/\/backlight.fi\/wp-content\/uploads\/2018\/04\/DSC_0245-1024x683.jpg 1024w\" sizes=\"auto, (max-width: 1000px) 100vw, 1000px\" \/><figcaption id=\"caption-attachment-2700\" class=\"wp-caption-text\"><span style=\"color: #808080;\">Photo: Aimo Hyv\u00e4rinen<\/span><\/figcaption><\/figure>\n<p>&nbsp;<\/p>\n<p><span style=\"color: #808080;\">Tampereen Taidemuseo<\/span><\/p>\n<p>Zaza Bertrand, Stefano Giogli, Sonja Hamad, Juha Arvid Helminen, Jaakko Kahilaniemi, Nina Korhonen, Mariya Kozhanova, Daesung Lee, Hanna Lenz, Julien Lombardi, Tito Mouraz, Sami Parkkinen, Michal Siarek, Miriam Stanke, Juha Suonp\u00e4\u00e4, B\u00e9n\u00e9dicte Vanderreydt, Borko Vukosav, Marta Zgierska<\/p>\n<p>&nbsp;<\/p>\n<figure id=\"attachment_2702\" aria-describedby=\"caption-attachment-2702\" style=\"width: 1000px\" class=\"wp-caption aligncenter\"><img loading=\"lazy\" decoding=\"async\" class=\"wp-image-2702\" src=\"http:\/\/backlight.fi\/wp-content\/uploads\/2018\/04\/DSC_0251.jpg\" alt=\"\" width=\"1000\" height=\"667\" srcset=\"https:\/\/backlight.fi\/wp-content\/uploads\/2018\/04\/DSC_0251.jpg 4496w, https:\/\/backlight.fi\/wp-content\/uploads\/2018\/04\/DSC_0251-300x200.jpg 300w, https:\/\/backlight.fi\/wp-content\/uploads\/2018\/04\/DSC_0251-768x512.jpg 768w, https:\/\/backlight.fi\/wp-content\/uploads\/2018\/04\/DSC_0251-1024x683.jpg 1024w\" sizes=\"auto, (max-width: 1000px) 100vw, 1000px\" \/><figcaption id=\"caption-attachment-2702\" class=\"wp-caption-text\">Petri Nuutinen and Antti Haapio <span style=\"color: #808080;\">Photo: Aimo Hyv\u00e4rinen<\/span><\/figcaption><\/figure>\n<p>&nbsp;<\/p>\n<figure id=\"attachment_2894\" aria-describedby=\"caption-attachment-2894\" style=\"width: 1000px\" class=\"wp-caption aligncenter\"><img loading=\"lazy\" decoding=\"async\" class=\"wp-image-2894\" src=\"http:\/\/backlight.fi\/wp-content\/uploads\/2017\/09\/A7A7175.jpg\" alt=\"\" width=\"1000\" height=\"667\" srcset=\"https:\/\/backlight.fi\/wp-content\/uploads\/2017\/09\/A7A7175.jpg 1063w, https:\/\/backlight.fi\/wp-content\/uploads\/2017\/09\/A7A7175-300x200.jpg 300w, https:\/\/backlight.fi\/wp-content\/uploads\/2017\/09\/A7A7175-768x512.jpg 768w, https:\/\/backlight.fi\/wp-content\/uploads\/2017\/09\/A7A7175-1024x683.jpg 1024w\" sizes=\"auto, (max-width: 1000px) 100vw, 1000px\" \/><figcaption id=\"caption-attachment-2894\" class=\"wp-caption-text\">Lauri Savisaari, Director of Culture and Leisure Services, the City of Tampere -opening Backlight \u00b417 at Tampere Art Museum. <span style=\"color: #999999;\">Photo: Jari Kuusenaho | Tampere Art Museum<\/span><\/figcaption><\/figure>\n<p>&nbsp;<\/p>\n<figure id=\"attachment_2703\" aria-describedby=\"caption-attachment-2703\" style=\"width: 1000px\" class=\"wp-caption aligncenter\"><img loading=\"lazy\" decoding=\"async\" class=\"wp-image-2703\" src=\"http:\/\/backlight.fi\/wp-content\/uploads\/2018\/04\/DSC_0269.jpg\" alt=\"\" width=\"1000\" height=\"667\" srcset=\"https:\/\/backlight.fi\/wp-content\/uploads\/2018\/04\/DSC_0269.jpg 4496w, https:\/\/backlight.fi\/wp-content\/uploads\/2018\/04\/DSC_0269-300x200.jpg 300w, https:\/\/backlight.fi\/wp-content\/uploads\/2018\/04\/DSC_0269-768x512.jpg 768w, https:\/\/backlight.fi\/wp-content\/uploads\/2018\/04\/DSC_0269-1024x683.jpg 1024w\" sizes=\"auto, (max-width: 1000px) 100vw, 1000px\" \/><figcaption id=\"caption-attachment-2703\" class=\"wp-caption-text\">Curator Tuula Alajoki with the artists Jaakko Kahilaniemi, Juha Arvid Helminen, Hanna Lenz, Juha Suonp\u00e4\u00e4, Sami Parkkinen, Mariya Kozhanova, Nina Korhonen, B\u00e9n\u00e9dicte Vanderreydt, Michal Siarek, Miriam Stanke, Daesung Lee, Zuzana Hal\u00e1nova-Laurinc and museum director Taina Myllyharju <span style=\"color: #808080;\"> Photo: Jari Kuusenaho | Tampere Art Museum<\/span><\/figcaption><\/figure>\n<p>&nbsp;<\/p>\n<figure id=\"attachment_2694\" aria-describedby=\"caption-attachment-2694\" style=\"width: 1000px\" class=\"wp-caption aligncenter\"><img loading=\"lazy\" decoding=\"async\" class=\"wp-image-2694\" src=\"http:\/\/backlight.fi\/wp-content\/uploads\/2018\/04\/\u00a9Benedicte_Vanderreydt_BL17openingTAMU.jpg\" alt=\"\" width=\"1000\" height=\"667\" srcset=\"https:\/\/backlight.fi\/wp-content\/uploads\/2018\/04\/\u00a9Benedicte_Vanderreydt_BL17openingTAMU.jpg 2048w, https:\/\/backlight.fi\/wp-content\/uploads\/2018\/04\/\u00a9Benedicte_Vanderreydt_BL17openingTAMU-300x200.jpg 300w, https:\/\/backlight.fi\/wp-content\/uploads\/2018\/04\/\u00a9Benedicte_Vanderreydt_BL17openingTAMU-768x512.jpg 768w, https:\/\/backlight.fi\/wp-content\/uploads\/2018\/04\/\u00a9Benedicte_Vanderreydt_BL17openingTAMU-1024x683.jpg 1024w\" sizes=\"auto, (max-width: 1000px) 100vw, 1000px\" \/><figcaption id=\"caption-attachment-2694\" class=\"wp-caption-text\">Some of the opening crowds. <span style=\"color: #808080;\">Photo: B\u00e9n\u00e9dicte Vanderreydt<\/span><\/figcaption><\/figure>\n<p>&nbsp;<\/p>\n<figure id=\"attachment_2723\" aria-describedby=\"caption-attachment-2723\" style=\"width: 1200px\" class=\"wp-caption aligncenter\"><img loading=\"lazy\" decoding=\"async\" class=\"wp-image-2723\" src=\"http:\/\/backlight.fi\/wp-content\/uploads\/2017\/09\/taidemuseo11.jpg\" alt=\"\" width=\"1200\" height=\"569\" srcset=\"https:\/\/backlight.fi\/wp-content\/uploads\/2017\/09\/taidemuseo11.jpg 2598w, https:\/\/backlight.fi\/wp-content\/uploads\/2017\/09\/taidemuseo11-300x142.jpg 300w, https:\/\/backlight.fi\/wp-content\/uploads\/2017\/09\/taidemuseo11-768x364.jpg 768w, https:\/\/backlight.fi\/wp-content\/uploads\/2017\/09\/taidemuseo11-1024x486.jpg 1024w\" sizes=\"auto, (max-width: 1200px) 100vw, 1200px\" \/><figcaption id=\"caption-attachment-2723\" class=\"wp-caption-text\">In front of <em>Anna Amerikan mummu<\/em> by Nina Korhonen. <span style=\"color: #808080;\">Photo: Kaija Toivonen<\/span><\/figcaption><\/figure>\n<p>&nbsp;<\/p>\n<figure id=\"attachment_2722\" aria-describedby=\"caption-attachment-2722\" style=\"width: 1000px\" class=\"wp-caption aligncenter\"><img loading=\"lazy\" decoding=\"async\" class=\"wp-image-2722\" src=\"http:\/\/backlight.fi\/wp-content\/uploads\/2017\/09\/taidemuseo08.jpg\" alt=\"\" width=\"1000\" height=\"672\" srcset=\"https:\/\/backlight.fi\/wp-content\/uploads\/2017\/09\/taidemuseo08.jpg 2598w, https:\/\/backlight.fi\/wp-content\/uploads\/2017\/09\/taidemuseo08-300x202.jpg 300w, https:\/\/backlight.fi\/wp-content\/uploads\/2017\/09\/taidemuseo08-768x516.jpg 768w, https:\/\/backlight.fi\/wp-content\/uploads\/2017\/09\/taidemuseo08-1024x688.jpg 1024w\" sizes=\"auto, (max-width: 1000px) 100vw, 1000px\" \/><figcaption id=\"caption-attachment-2722\" class=\"wp-caption-text\"><em>Declared Detachment<\/em> by Mariya Kozhanova. <span style=\"color: #808080;\">Photo: Kaija Toivonen<\/span><\/figcaption><\/figure>\n<p>&nbsp;<\/p>\n<figure id=\"attachment_2721\" aria-describedby=\"caption-attachment-2721\" style=\"width: 1000px\" class=\"wp-caption aligncenter\"><img loading=\"lazy\" decoding=\"async\" class=\"wp-image-2721\" src=\"http:\/\/backlight.fi\/wp-content\/uploads\/2017\/09\/taidemuseo07.jpg\" alt=\"\" width=\"1000\" height=\"601\" srcset=\"https:\/\/backlight.fi\/wp-content\/uploads\/2017\/09\/taidemuseo07.jpg 2598w, https:\/\/backlight.fi\/wp-content\/uploads\/2017\/09\/taidemuseo07-300x180.jpg 300w, https:\/\/backlight.fi\/wp-content\/uploads\/2017\/09\/taidemuseo07-768x462.jpg 768w, https:\/\/backlight.fi\/wp-content\/uploads\/2017\/09\/taidemuseo07-1024x616.jpg 1024w\" sizes=\"auto, (max-width: 1000px) 100vw, 1000px\" \/><figcaption id=\"caption-attachment-2721\" class=\"wp-caption-text\">David Drake and Mariya Kozhanova. <span style=\"color: #808080;\">Photo: Kaija Toivonen<\/span><\/figcaption><\/figure>\n<p>&nbsp;<\/p>\n<figure id=\"attachment_2720\" aria-describedby=\"caption-attachment-2720\" style=\"width: 1000px\" class=\"wp-caption aligncenter\"><img loading=\"lazy\" decoding=\"async\" class=\"wp-image-2720\" src=\"http:\/\/backlight.fi\/wp-content\/uploads\/2017\/09\/taidemuseo06.jpg\" alt=\"\" width=\"1000\" height=\"662\" srcset=\"https:\/\/backlight.fi\/wp-content\/uploads\/2017\/09\/taidemuseo06.jpg 2598w, https:\/\/backlight.fi\/wp-content\/uploads\/2017\/09\/taidemuseo06-300x199.jpg 300w, https:\/\/backlight.fi\/wp-content\/uploads\/2017\/09\/taidemuseo06-768x508.jpg 768w, https:\/\/backlight.fi\/wp-content\/uploads\/2017\/09\/taidemuseo06-1024x678.jpg 1024w\" sizes=\"auto, (max-width: 1000px) 100vw, 1000px\" \/><figcaption id=\"caption-attachment-2720\" class=\"wp-caption-text\">Hanna Lenz (right). <span style=\"color: #808080;\">Photo: Kaija Toivonen<\/span><\/figcaption><\/figure>\n<p>&nbsp;<\/p>\n<figure id=\"attachment_2704\" aria-describedby=\"caption-attachment-2704\" style=\"width: 1000px\" class=\"wp-caption aligncenter\"><img loading=\"lazy\" decoding=\"async\" class=\"wp-image-2704\" src=\"http:\/\/backlight.fi\/wp-content\/uploads\/2018\/04\/DSC_0281.jpg\" alt=\"\" width=\"1000\" height=\"667\" srcset=\"https:\/\/backlight.fi\/wp-content\/uploads\/2018\/04\/DSC_0281.jpg 4496w, https:\/\/backlight.fi\/wp-content\/uploads\/2018\/04\/DSC_0281-300x200.jpg 300w, https:\/\/backlight.fi\/wp-content\/uploads\/2018\/04\/DSC_0281-768x512.jpg 768w, https:\/\/backlight.fi\/wp-content\/uploads\/2018\/04\/DSC_0281-1024x683.jpg 1024w\" sizes=\"auto, (max-width: 1000px) 100vw, 1000px\" \/><figcaption id=\"caption-attachment-2704\" class=\"wp-caption-text\"><span style=\"color: #999999;\">Photo: Aimo Hyv\u00e4rinen<\/span><\/figcaption><\/figure>\n<p>&nbsp;<\/p>","protected":false},"excerpt":{"rendered":"<p>Thank you for joining us at the opening at Galleria Ronga, Nykyaika, Koppelo and Tampere Art Museum. We could have squeezed in just few more &hellip;<\/p>","protected":false},"author":8,"featured_media":2694,"comment_status":"closed","ping_status":"closed","sticky":false,"template":"","format":"standard","meta":{"_monsterinsights_skip_tracking":false,"_monsterinsights_sitenote_active":false,"_monsterinsights_sitenote_note":"","_monsterinsights_sitenote_category":0,"footnotes":""},"categories":[3],"tags":[],"class_list":["post-2693","post","type-post","status-publish","format-standard","has-post-thumbnail","hentry","category-news"],"_links":{"self":[{"href":"http:\/\/backlight.fi\/fi\/wp-json\/wp\/v2\/posts\/2693","targetHints":{"allow":["GET"]}}],"collection":[{"href":"http:\/\/backlight.fi\/fi\/wp-json\/wp\/v2\/posts"}],"about":[{"href":"http:\/\/backlight.fi\/fi\/wp-json\/wp\/v2\/types\/post"}],"author":[{"embeddable":true,"href":"http:\/\/backlight.fi\/fi\/wp-json\/wp\/v2\/users\/8"}],"replies":[{"embeddable":true,"href":"http:\/\/backlight.fi\/fi\/wp-json\/wp\/v2\/comments?post=2693"}],"version-history":[{"count":23,"href":"http:\/\/backlight.fi\/fi\/wp-json\/wp\/v2\/posts\/2693\/revisions"}],"predecessor-version":[{"id":2983,"href":"http:\/\/backlight.fi\/fi\/wp-json\/wp\/v2\/posts\/2693\/revisions\/2983"}],"wp:featuredmedia":[{"embeddable":true,"href":"http:\/\/backlight.fi\/fi\/wp-json\/wp\/v2\/media\/2694"}],"wp:attachment":[{"href":"http:\/\/backlight.fi\/fi\/wp-json\/wp\/v2\/media?parent=2693"}],"wp:term":[{"taxonomy":"category","embeddable":true,"href":"http:\/\/backlight.fi\/fi\/wp-json\/wp\/v2\/categories?post=2693"},{"taxonomy":"post_tag","embeddable":true,"href":"http:\/\/backlight.fi\/fi\/wp-json\/wp\/v2\/tags?post=2693"}],"curies":[{"name":"wp","href":"https:\/\/api.w.org\/{rel}","templated":true}]}}