{"id":3080,"date":"2019-01-18T15:21:07","date_gmt":"2019-01-18T13:21:07","guid":{"rendered":"http:\/\/backlight.fi\/?p=3080"},"modified":"2023-04-17T16:08:25","modified_gmt":"2023-04-17T13:08:25","slug":"related-realities-photography-meets-science-and-new-technologies","status":"publish","type":"post","link":"http:\/\/backlight.fi\/fi\/related-realities-photography-meets-science-and-new-technologies\/","title":{"rendered":"Related Realities \u2013 Photography meets science and new technologies"},"content":{"rendered":"<figure class=\"wp-block-image\"><img loading=\"lazy\" decoding=\"async\" width=\"850\" height=\"708\" src=\"http:\/\/backlight.fi\/wp-content\/uploads\/2019\/01\/08b-1.jpg\" alt=\"\" class=\"wp-image-3081\" srcset=\"https:\/\/backlight.fi\/wp-content\/uploads\/2019\/01\/08b-1.jpg 850w, https:\/\/backlight.fi\/wp-content\/uploads\/2019\/01\/08b-1-300x250.jpg 300w, https:\/\/backlight.fi\/wp-content\/uploads\/2019\/01\/08b-1-768x640.jpg 768w\" sizes=\"auto, (max-width: 850px) 100vw, 850px\" \/><figcaption class=\"wp-element-caption\">Petri Anttonen: <em>Diving<\/em>, 2017, 95&nbsp;x 125 cm. From the series <em>Momentum<\/em>, 2017.<br>  These 3D photographs are made using the lenticular technique in which the illusion of depth is created by interlaced photographs.<\/figcaption><\/figure>\n\n\n\n<div style=\"height:20px\" aria-hidden=\"true\" class=\"wp-block-spacer\"><\/div>\n\n\n\n<p>The 12th Backlight Photo Festival triennial stays true to its pioneering spirit in announcing the theme for the upcoming 2020 festival: Related Realities \u2013 Photography meets science and new technologies. The festival creators have as their ambition for Related Realities to nourish and boost discussion between art photography and science.<\/p>\n\n\n\n<p>Artists will be invited to show documentary and fine art photography in exhibitions and create installations together with experts from computer-assisted photography, virtual technologies, sound and exhibition design. In addition to exhibitions and installations, the festival will feature a lecture series on photography, science and new technologies, a workshop on exhibition design, and portfolio reviews. &nbsp;<\/p>\n\n\n\n<p>Backlight is led by festival director adjunct professor Hannu Vanhanen and project steering group members: media artist Ami Hyv\u00e4rinen, art curator Sirpa Joenniemi, and artist-researcher Maija Tammi.&nbsp;Backlight will bring together an international team of curators to ensure a world-class selection of artworks.&nbsp;<\/p>\n\n\n\n<p><a href=\"http:\/\/backlight.fi\/fi\/backlight-20\/\">More info<\/a><\/p>\n\n\n\n<div style=\"height:20px\" aria-hidden=\"true\" class=\"wp-block-spacer\"><\/div>\n\n\n\n<p><strong>Valokuvan ja tieteen <br> todellisuudet kohtaavat<br> Backlight2020:ssa  <\/strong><\/p>\n\n\n\n<p>Backlight2020:n valokuvafestivaalin p\u00e4\u00e4teema on Related Realities \u2013 Todellisuudet kohtaavat. Taiteen ja tieteen todellisuusk\u00e4sitykset, uskomukset ja niiden pime\u00e4t puolet kohtaavat valokuvan\u00e4yttelyiss\u00e4 ja uusia teknologioita hy\u00f6dynt\u00e4viss\u00e4 installaatioissa. <\/p>\n\n\n\n<p>Valokuvakeskus Nykyajan joka kolmas vuosi j\u00e4rjest\u00e4m\u00e4 Backlight-triennaali on yksi Pohjois-Euroopan suurimmista ja vanhimmista kansainv\u00e4lisist\u00e4 valokuvafestivaaleista. Tapahtuma valtaa syksyll\u00e4 2020 useat tamperelaiset taidemuseot ja galleriat. T\u00e4ll\u00e4 kertaa festivaalin installaatiot levitt\u00e4ytyv\u00e4t my\u00f6s kaupungin julkisiin tiloihin.  <\/p>\n\n\n\n<p>Backlight2020:n festivaalijohtaja, visuaalisen viestinn\u00e4n dosentti Hannu Vanhanen vastaa mediataiteilija Ami Hyv\u00e4risen, taidekuraattori Sirpa Joenniemen ja valokuvaaja-tutkija Maija Tammen kanssa triennaalin suunnittelusta. Backlightiin haetaan valokuvaajia esittelem\u00e4\u00e4n taide- ja dokumenttivalokuvan\u00e4yttelyiden lis\u00e4ksi tietokoneavusteisia, virtuaaliteknologioihin ja \u00e4\u00e4ni- sek\u00e4 tilasuunnitteluun perustuvia installaatioita, jotka tieteen ja taiteen tekij\u00e4t toteuttavat yhdess\u00e4. <\/p>\n\n\n\n<p><a href=\"http:\/\/backlight.fi\/fi\/backlight-20\/\">Lis\u00e4tietoja<\/a><\/p>","protected":false},"excerpt":{"rendered":"<p>The 12th Backlight Photo Festival triennial stays true to its pioneering spirit in announcing the theme for the upcoming 2020 festival: Related Realities \u2013 Photography &hellip;<\/p>","protected":false},"author":6,"featured_media":3081,"comment_status":"closed","ping_status":"closed","sticky":false,"template":"","format":"standard","meta":{"_monsterinsights_skip_tracking":false,"_monsterinsights_sitenote_active":false,"_monsterinsights_sitenote_note":"","_monsterinsights_sitenote_category":0,"footnotes":""},"categories":[3],"tags":[],"class_list":["post-3080","post","type-post","status-publish","format-standard","has-post-thumbnail","hentry","category-news"],"_links":{"self":[{"href":"http:\/\/backlight.fi\/fi\/wp-json\/wp\/v2\/posts\/3080","targetHints":{"allow":["GET"]}}],"collection":[{"href":"http:\/\/backlight.fi\/fi\/wp-json\/wp\/v2\/posts"}],"about":[{"href":"http:\/\/backlight.fi\/fi\/wp-json\/wp\/v2\/types\/post"}],"author":[{"embeddable":true,"href":"http:\/\/backlight.fi\/fi\/wp-json\/wp\/v2\/users\/6"}],"replies":[{"embeddable":true,"href":"http:\/\/backlight.fi\/fi\/wp-json\/wp\/v2\/comments?post=3080"}],"version-history":[{"count":31,"href":"http:\/\/backlight.fi\/fi\/wp-json\/wp\/v2\/posts\/3080\/revisions"}],"predecessor-version":[{"id":4179,"href":"http:\/\/backlight.fi\/fi\/wp-json\/wp\/v2\/posts\/3080\/revisions\/4179"}],"wp:featuredmedia":[{"embeddable":true,"href":"http:\/\/backlight.fi\/fi\/wp-json\/wp\/v2\/media\/3081"}],"wp:attachment":[{"href":"http:\/\/backlight.fi\/fi\/wp-json\/wp\/v2\/media?parent=3080"}],"wp:term":[{"taxonomy":"category","embeddable":true,"href":"http:\/\/backlight.fi\/fi\/wp-json\/wp\/v2\/categories?post=3080"},{"taxonomy":"post_tag","embeddable":true,"href":"http:\/\/backlight.fi\/fi\/wp-json\/wp\/v2\/tags?post=3080"}],"curies":[{"name":"wp","href":"https:\/\/api.w.org\/{rel}","templated":true}]}}