{"id":3579,"date":"2020-06-04T15:58:10","date_gmt":"2020-06-04T12:58:10","guid":{"rendered":"https:\/\/backlight.fi\/?p=3579"},"modified":"2020-09-24T12:03:59","modified_gmt":"2020-09-24T09:03:59","slug":"artists-for-related-realities-exhibition-announced","status":"publish","type":"post","link":"http:\/\/backlight.fi\/fi\/artists-for-related-realities-exhibition-announced\/","title":{"rendered":"Related Realities -n\u00e4yttelyn taiteilijat julkaistu"},"content":{"rendered":"<p class=\" translation-block\">Backlight-valokuvafestivaali on yksi Pohjois-Euroopan vanhimmista ja laajimmista kansainv\u00e4lisist\u00e4 valokuvafestivaaleista. Backlight-triennaalin kuudennestoista vuosi on laajamittaisempi kuin koskaan, ja se toteutetaan Tampereella 4.9.-8.11.2020.<\/p>\n\n\n\n<p>Backlight2020-festivaalin taiteilijat ja valokuvaajat asettavat esille valokuvat\u00f6it\u00e4, installaatioita, lis\u00e4tty\u00e4 todellisuutta, virtuaalitodellisuutta ja multimediaprojekteja jotka tutkivat ja l\u00f6yt\u00e4v\u00e4t tieteen, taiteen ja teknologian avulla yhteyksi\u00e4 maailmamme realiteettien moninaisuuksien v\u00e4lill\u00e4.&nbsp;<br><\/p>\n\n\n\n<p><\/p>\n\n\n<p>&nbsp;<\/p>\n\n\n<div class=\"wp-block-image\"><figure class=\"aligncenter is-resized\"><img loading=\"lazy\" decoding=\"async\" src=\"https:\/\/backlight.fi\/wp-content\/uploads\/2020\/06\/ANN_2_insta-853x1024.jpg\" alt=\"Carlos Trancoso, ANN, 2020\" class=\"wp-image-3580\" width=\"504\" height=\"604\"\/><\/figure><\/div>\n\n\n\n<p style=\"text-align:center\">Carlos Trancoso, ANN, 2020 Videoprojektio polymeripyramidiin<\/p>\n\n\n\n<p><br>Backlight2020 - Related Realities -festivaalin p\u00e4\u00e4n\u00e4yttely tulee olemaan Galleria Himmelblaussa 4.9.-1.11.2020. N\u00e4yttely kysyy: Miten eri todellisuudet suhtautuvat - tai eiv\u00e4t suhtaudu - toisiinsa? Jos on olemassa eri todellisuuksia, voimmeko luottaa todellisuuteen totena? Saimme runsaasti yli 600 hakemusta Related Realities -n\u00e4yttelyiden avoimessa haussa. Kansainv\u00e4linen kuraattoritiimimme - Arianne Koek (Iso-Britannia), Lars Willumeit (Sveitsi), Maija Tammi (Suomi) ja Hannu Vanhanen (Suomi) - valitsivat heist\u00e4 23 taiteilijaa, ja meill\u00e4 on nyt suuri ilo julkaista heid\u00e4t teille!<br><\/p>\n\n\n<p>&nbsp;<\/p>\n\n\n<p><a href=\"https:\/\/www.johnangerson.com\/\">John Angerson<\/a> (Englanti)<br><a href=\"http:\/\/www.marjoleinblom.com\/\">Marjolein Blom<\/a> (Hollanti)  <br><a href=\"https:\/\/guilhermegerais.com\/\">Guilherme Gerais<\/a> (Brasilia)<br><a href=\"http:\/\/www.chiragjindal.com\">Chirag Jindal<\/a> (Aotearoa-Uusi-Seelanti) <br><a href=\"http:\/\/www.karlketamo.com\/\">Karl Ketamo<\/a> (Suomi)<br><a href=\"https:\/\/www.sjoerdknibbeler.com\/\">Sjoerd Knibbeler<\/a> (Hollanti)  <br><a href=\"http:\/\/www.karinasirkku.com\/\">Karina-Sirkku Kurz<\/a> (Suomi)  <br><a href=\"http:\/\/www.muthos.fr\/\">Michel Le Belhomme<\/a> (Ranska)  <br><a href=\"https:\/\/marieluka.com\/\">Marie Lukasiewicz<\/a> (Ranska)  <br><a href=\"https:\/\/www.samilukkarinen.com\/\">Sami Lukkarinen<\/a> ja Roope Mokka (Suomi)  <br><a href=\"https:\/\/www.andreinacu.ro\/\">Andrei Nacu<\/a> (Romania)  <br><a href=\"https:\/\/sarkerprotick.com\/\">Sarker Protick<\/a> (Bangladesh)  <br><a href=\"http:\/\/www.andysewell.com\/\">Andy Sewell<\/a> (Englanti)  <br><a href=\"https:\/\/danielstier.com\/\">Daniel Stier<\/a> (Saksa)  <br><a href=\"http:\/\/www.sameertawde.com\/\">Sameer Tawde<\/a> (Intia)  <br><a href=\"https:\/\/carlostrancoso.com\/\">Carlos Trancoso<\/a> (Portugali)  <br><a href=\"https:\/\/www.miiamarivirtanen.com\/\">Miia-Mari Virtanen<\/a> (Suomi)  <br><a href=\"http:\/\/www.saanawang.com\/\">Saana Wang<\/a> (Suomi)  <br><a href=\"https:\/\/timowright.com\/\">Timo Wright<\/a> (Suomi)  <br><a href=\"http:\/\/www.sheungyiu.com\/\">Sheung Yiu<\/a> (Hong Kong) <br><a href=\"http:\/\/kseniayurkova.com\/\">Ksenia Yurkova<\/a> (Ven\u00e4j\u00e4)  <br><a href=\"https:\/\/albazari.info\/\">Alba Zari<\/a> (Italia\/Thaimaa)  <\/p>\n\n\n<p>&nbsp;<\/p>\n\n\n<p>Lis\u00e4tietoa Backlight2020-n\u00e4yttelyist\u00e4 on saatavilla pian. Space Works -n\u00e4yttely toteutetaan 12.9.-8.11. Tampereen Taidemuseolla, Visual Catalysts -n\u00e4yttely 25.9.-18.10. Kulttuuritalo Laikulla, B\u00e9n\u00e9dicte Vanderreydt's in Utero -n\u00e4yttely 4.9.-28.9. Galleria Nykyajalla, ja Light in the Tunnel -n\u00e4yttely 4.9.-31.12. Ratinan tunneligalleriassa. Sis\u00e4- ja ulkon\u00e4yttelyidemme lis\u00e4ksi festivaaliin sis\u00e4ltyy portfoliokatselmuksia sek\u00e4 luentoja ja seminaareja valokuvauksesta, tieteest\u00e4 ja teknologiasta.&nbsp;<br><br> Backlight2020 suunnittelee festivaalin kaikkien koronavirusta koskevien suositusten mukaisesti. Voit tarkistaa viimeisimm\u00e4t koronavirusta koskevat tiedot t\u00e4\u00e4lt\u00e4: <a href=\"https:\/\/yle.fi\/uutiset\/osasto\/news\/coronavirus_latest_large_events_banned_109_confirmed_cases\/11249610\">koronavirusp\u00e4ivitykset<\/a><\/p>\n\n\n\n<p><\/p>\n\n\n\n<div class=\"wp-block-image\"><figure class=\"aligncenter is-resized\"><img loading=\"lazy\" decoding=\"async\" src=\"https:\/\/backlight.fi\/wp-content\/uploads\/2020\/06\/backlight_small.png\" alt=\"\" class=\"wp-image-3581\" width=\"295\" height=\"166\" srcset=\"https:\/\/backlight.fi\/wp-content\/uploads\/2020\/06\/backlight_small.png 1000w, https:\/\/backlight.fi\/wp-content\/uploads\/2020\/06\/backlight_small-300x169.png 300w, https:\/\/backlight.fi\/wp-content\/uploads\/2020\/06\/backlight_small-768x432.png 768w\" sizes=\"auto, (max-width: 295px) 100vw, 295px\" \/><\/figure><\/div>","protected":false},"excerpt":{"rendered":"<p>Backlight-valokuvafestivaali on yksi Pohjois-Euroopan vanhimmista ja laajimmista kansainv\u00e4lisist\u00e4 valokuvafestivaaleista. Backlight-triennaalin kuudennestoista vuosi on laajamittaisempi ...<\/p>","protected":false},"author":8,"featured_media":3580,"comment_status":"closed","ping_status":"closed","sticky":false,"template":"","format":"standard","meta":{"_monsterinsights_skip_tracking":false,"_monsterinsights_sitenote_active":false,"_monsterinsights_sitenote_note":"","_monsterinsights_sitenote_category":0,"footnotes":""},"categories":[3],"tags":[],"class_list":["post-3579","post","type-post","status-publish","format-standard","has-post-thumbnail","hentry","category-news"],"_links":{"self":[{"href":"http:\/\/backlight.fi\/fi\/wp-json\/wp\/v2\/posts\/3579","targetHints":{"allow":["GET"]}}],"collection":[{"href":"http:\/\/backlight.fi\/fi\/wp-json\/wp\/v2\/posts"}],"about":[{"href":"http:\/\/backlight.fi\/fi\/wp-json\/wp\/v2\/types\/post"}],"author":[{"embeddable":true,"href":"http:\/\/backlight.fi\/fi\/wp-json\/wp\/v2\/users\/8"}],"replies":[{"embeddable":true,"href":"http:\/\/backlight.fi\/fi\/wp-json\/wp\/v2\/comments?post=3579"}],"version-history":[{"count":19,"href":"http:\/\/backlight.fi\/fi\/wp-json\/wp\/v2\/posts\/3579\/revisions"}],"predecessor-version":[{"id":3900,"href":"http:\/\/backlight.fi\/fi\/wp-json\/wp\/v2\/posts\/3579\/revisions\/3900"}],"wp:featuredmedia":[{"embeddable":true,"href":"http:\/\/backlight.fi\/fi\/wp-json\/wp\/v2\/media\/3580"}],"wp:attachment":[{"href":"http:\/\/backlight.fi\/fi\/wp-json\/wp\/v2\/media?parent=3579"}],"wp:term":[{"taxonomy":"category","embeddable":true,"href":"http:\/\/backlight.fi\/fi\/wp-json\/wp\/v2\/categories?post=3579"},{"taxonomy":"post_tag","embeddable":true,"href":"http:\/\/backlight.fi\/fi\/wp-json\/wp\/v2\/tags?post=3579"}],"curies":[{"name":"wp","href":"https:\/\/api.w.org\/{rel}","templated":true}]}}