{"id":3572,"date":"2020-03-20T18:20:19","date_gmt":"2020-03-20T16:20:19","guid":{"rendered":"https:\/\/backlight.fi\/?p=3572"},"modified":"2020-03-20T18:20:26","modified_gmt":"2020-03-20T16:20:26","slug":"covid-19-update-from-backlight2020","status":"publish","type":"post","link":"https:\/\/backlight.fi\/fi\/covid-19-update-from-backlight2020\/","title":{"rendered":"Backlight2020: Koronavirusp\u00e4ivitys"},"content":{"rendered":"<div style=\"height:40px\" aria-hidden=\"true\" class=\"wp-block-spacer\"><\/div>\n\n\n\n<p>Valokuvakeskus Nykyaika, Tampereen Taidemuseo, Galleria Himmelblau ja Kulttuuritalo Laikku ovat suljettu 17.3.-13.4.2020 Suomen valtion p\u00e4\u00e4t\u00f6ksen mukaisesti. Galleriat suljetaan koronaviruksen levi\u00e4misen est\u00e4miseksi.<\/p>\n\n\n\n<p>Backlight2020-henkil\u00f6kuntamme Tampereella tulee jatkamaan Space Works -, Related Realities - ja Visual Catalysts -n\u00e4yttelyiden tuottamista et\u00e4ty\u00f6n\u00e4. Nykytilanteen vuoksi on valitettavasti mahdollista ett\u00e4 joudumme my\u00f6h\u00e4ist\u00e4m\u00e4\u00e4n tai jopa peruuttamaan joitain Backlight-n\u00e4yttelyit\u00e4.&nbsp;<\/p>\n\n\n\n<p>Seuraamme koronaepidemian tilannetta tarkasti. N\u00e4yttelyohjelmiin ja aikatauluihin liittyv\u00e4t p\u00e4ivitykset ja muutokset l\u00f6ytyv\u00e4t nettisivuiltamme sek\u00e4 sosiaalimediakanaviltamme. Tarkistamme s\u00e4hk\u00f6postimme s\u00e4\u00e4nn\u00f6llisesti ja pid\u00e4mme kommunikaatiota yll\u00e4.&nbsp;<\/p>\n\n\n\n<p>Toivomme teille turvaa ja hyv\u00e4\u00e4 terveytt\u00e4!<\/p>\n\n\n\n<div style=\"height:20px\" aria-hidden=\"true\" class=\"wp-block-spacer\"><\/div>\n\n\n\n<p><a href=\"https:\/\/backlight.fi\/fi\/\" target=\"_blank\" rel=\"noreferrer noopener\">www.backlight.fi<\/a><\/p>\n\n\n\n<div style=\"height:20px\" aria-hidden=\"true\" class=\"wp-block-spacer\"><\/div>\n\n\n\n<p>P.S. Voit tarkistaa viimeisimm\u00e4t uutiset koronaviruksen levi\u00e4misest\u00e4 Suomessa t\u00e4\u00e4lt\u00e4:<br><a rel=\"noreferrer noopener\" href=\"https:\/\/yle.fi\/uutiset\/osasto\/news\/coronavirus_latest_large_events_banned_109_confirmed_cases\/11249610\" target=\"_blank\">https:\/\/yle.fi\/uutiset\/osasto\/news\/coronavirus_latest_large_events_banned_109_confirmed_cases\/11249610<\/a><\/p>\n\n\n\n<div style=\"height:100px\" aria-hidden=\"true\" class=\"wp-block-spacer\"><\/div>","protected":false},"excerpt":{"rendered":"<p>Valokuvakeskus Nykyaika, Tampereen Taidemuseo, Galleria Himmelblau ja Kulttuuritalo Laikku ovat suljettu 17.3.-13.4.2020 Suomen valtion ...<\/p>","protected":false},"author":6,"featured_media":0,"comment_status":"closed","ping_status":"closed","sticky":false,"template":"","format":"standard","meta":{"_monsterinsights_skip_tracking":false,"_monsterinsights_sitenote_active":false,"_monsterinsights_sitenote_note":"","_monsterinsights_sitenote_category":0,"footnotes":""},"categories":[3],"tags":[],"class_list":["post-3572","post","type-post","status-publish","format-standard","hentry","category-news"],"_links":{"self":[{"href":"https:\/\/backlight.fi\/fi\/wp-json\/wp\/v2\/posts\/3572","targetHints":{"allow":["GET"]}}],"collection":[{"href":"https:\/\/backlight.fi\/fi\/wp-json\/wp\/v2\/posts"}],"about":[{"href":"https:\/\/backlight.fi\/fi\/wp-json\/wp\/v2\/types\/post"}],"author":[{"embeddable":true,"href":"https:\/\/backlight.fi\/fi\/wp-json\/wp\/v2\/users\/6"}],"replies":[{"embeddable":true,"href":"https:\/\/backlight.fi\/fi\/wp-json\/wp\/v2\/comments?post=3572"}],"version-history":[{"count":3,"href":"https:\/\/backlight.fi\/fi\/wp-json\/wp\/v2\/posts\/3572\/revisions"}],"predecessor-version":[{"id":3575,"href":"https:\/\/backlight.fi\/fi\/wp-json\/wp\/v2\/posts\/3572\/revisions\/3575"}],"wp:attachment":[{"href":"https:\/\/backlight.fi\/fi\/wp-json\/wp\/v2\/media?parent=3572"}],"wp:term":[{"taxonomy":"category","embeddable":true,"href":"https:\/\/backlight.fi\/fi\/wp-json\/wp\/v2\/categories?post=3572"},{"taxonomy":"post_tag","embeddable":true,"href":"https:\/\/backlight.fi\/fi\/wp-json\/wp\/v2\/tags?post=3572"}],"curies":[{"name":"wp","href":"https:\/\/api.w.org\/{rel}","templated":true}]}}